{
    "id": 465,
    "date": "2025-10-12T19:14:28",
    "date_gmt": "2025-10-12T22:14:28",
    "guid": {
        "rendered": "https:\/\/worldwide-elections.org\/?p=465"
    },
    "modified": "2025-10-12T19:14:28",
    "modified_gmt": "2025-10-12T22:14:28",
    "slug": "ultimo-debate-presidencial-en-bolivia-rumbo-al-balotaje",
    "status": "publish",
    "type": "post",
    "link": "https:\/\/worldwide-elections.org\/br\/ultimo-debate-presidencial-en-bolivia-rumbo-al-balotaje\/",
    "title": {
        "rendered": "\u00daltimo Debate Presidencial en Bolivia rumbo al balotaje."
    },
    "content": {
        "rendered": "<p>Esta noche, 12 de Octubre, se celebrar\u00e1 el debate presidencial entre los candidatos: Rodrigo Paz Pereira (PDC, Partido Dem\u00f3crata Cristiano) y Jorge \u201cTuto\u201d Quiroga (Alianza Libre). El evento, organizado por el Tribunal Supremo Electoral (TSE), comienza a las 21:00 y ser\u00e1 transmitido para todo el pa\u00eds en se\u00f1al abierta y por el canal de YouTube de&nbsp;<\/p>\n\n\n\n<p>El debate es el tramo final de la campa\u00f1a pol\u00edtica, la segunda vuelta est\u00e1 marcada para el pr\u00f3ximo Domingo 19 de Octubre.<\/p>\n\n\n\n<p>El debate tendr\u00e1 una duraci\u00f3n de una hora y cuarenta minutos, estar\u00e1 dividido en tres bloques, con seis ejes tem\u00e1ticos: medidas econ\u00f3micas, pol\u00edticas de contenci\u00f3n social, justicia, seguridad ciudadana, salud y educaci\u00f3n, hidrocarburos y litio\/miner\u00eda, agricultura, medioambiente y turismo. Los moderadores podr\u00e1n reconducir intervenciones, cortar micr\u00f3fonos o reformular preguntas, caso los candidatos incumplan las reglas. Ambos partidos firmaron un compromiso previo para respetar el formato y evitar agresiones verbales.<\/p>\n\n\n\n<p>El pr\u00f3ximo Domingo, 7.937.138 ciudadanos est\u00e1n habilitados para elegir el pr\u00f3ximo presidente. El debate permitir\u00e1 a los electores escuchar las propuestas y a los indecisos (alrededor de 7% del padr\u00f3n) elegir entre ambas opciones. En la primera vuelta, Rodrigo Paz lider\u00f3 con cerca del 32%, seguido por Quiroga con 27%. El debate se plantea en un momento de transformaci\u00f3n pol\u00edtica para el pa\u00eds. El Mas (Movimiento al Socialismo) liderado hist\u00f3ricamente por Evo Morales y luego por Luis Arce, ha perdido su fuerza electoral ya que su candidato, Eduardo del Castillo obtuvo apenas un 3,16% de los votos.<\/p>\n\n\n\n<p>Desde el Jueves 16 de Octubre a las 00:00 estar\u00e1 prohibida la propaganda electoral seg\u00fan la resoluci\u00f3n del TSE.<\/p>\n\n\n\n<p>Transmisi\u00f3n por Internet:&nbsp;<a href=\"mailto:youtube.com\/@RedUnoDigital\">youtube.com\/@RedUnoDigital<\/a><\/p>",
        "protected": false
    },
    "excerpt": {
        "rendered": "<p>Esta noche, 12 de Octubre, se celebrar\u00e1 el debate presidencial entre los candidatos: Rodrigo Paz Pereira (PDC, Partido Dem\u00f3crata Cristiano) y Jorge \u201cTuto\u201d Quiroga (Alianza Libre). El evento, organizado por el Tribunal Supremo Electoral (TSE), comienza a las 21:00 y ser\u00e1 transmitido para todo el pa\u00eds en se\u00f1al abierta y por el canal de YouTube [&hellip;]<\/p>",
        "protected": false
    },
    "author": 2,
    "featured_media": 466,
    "comment_status": "open",
    "ping_status": "open",
    "sticky": false,
    "template": "",
    "format": "standard",
    "meta": {
        "_acf_changed": false,
        "inline_featured_image": false,
        "footnotes": ""
    },
    "categories": [
        38
    ],
    "tags": [
        57
    ],
    "class_list": [
        "post-465",
        "post",
        "type-post",
        "status-publish",
        "format-standard",
        "has-post-thumbnail",
        "hentry",
        "category-noticias",
        "tag-debate-presidencial-bolivia-2025"
    ],
    "acf": [],
    "yoast_head": "<!-- This site is optimized with the Yoast SEO plugin v27.5 - https:\/\/yoast.com\/product\/yoast-seo-wordpress\/ -->\n<title>\u00daltimo Debate Presidencial en Bolivia rumbo al balotaje. - Worldwide Elections<\/title>\n<meta name=\"description\" content=\"El \u00faltimo debate presidencial en Bolivia enfrenta a Rodrigo Paz y Tuto Quiroga rumbo al balotaje del 19 de Octubre.\" \/>\n<meta name=\"robots\" content=\"index, follow, max-snippet:-1, max-image-preview:large, max-video-preview:-1\" \/>\n<link rel=\"canonical\" href=\"https:\/\/worldwide-elections.org\/br\/ultimo-debate-presidencial-en-bolivia-rumbo-al-balotaje\/\" \/>\n<meta property=\"og:locale\" content=\"pt_BR\" \/>\n<meta property=\"og:type\" content=\"article\" \/>\n<meta property=\"og:title\" content=\"\u00daltimo Debate Presidencial en Bolivia rumbo al balotaje. - Worldwide Elections\" \/>\n<meta property=\"og:description\" content=\"El \u00faltimo debate presidencial en Bolivia enfrenta a Rodrigo Paz y Tuto Quiroga rumbo al balotaje del 19 de Octubre.\" \/>\n<meta property=\"og:url\" content=\"https:\/\/worldwide-elections.org\/br\/ultimo-debate-presidencial-en-bolivia-rumbo-al-balotaje\/\" \/>\n<meta property=\"og:site_name\" content=\"Worldwide Elections\" \/>\n<meta property=\"article:published_time\" content=\"2025-10-12T22:14:28+00:00\" \/>\n<meta property=\"og:image\" content=\"https:\/\/worldwide-elections.org\/wp-content\/uploads\/2025\/10\/Captura-de-pantalla-2025-10-12-a-las-6.10.10-p.-m.png\" \/>\n\t<meta property=\"og:image:width\" content=\"824\" \/>\n\t<meta property=\"og:image:height\" content=\"918\" \/>\n\t<meta property=\"og:image:type\" content=\"image\/png\" \/>\n<meta name=\"author\" content=\"Mel Garcia\" \/>\n<meta name=\"twitter:card\" content=\"summary_large_image\" \/>\n<meta name=\"twitter:label1\" content=\"Escrito por\" \/>\n\t<meta name=\"twitter:data1\" content=\"Mel Garcia\" \/>\n\t<meta name=\"twitter:label2\" content=\"Est. tempo de leitura\" \/>\n\t<meta name=\"twitter:data2\" content=\"2 minutos\" \/>\n<script type=\"application\/ld+json\" class=\"yoast-schema-graph\">{\"@context\":\"https:\\\/\\\/schema.org\",\"@graph\":[{\"@type\":\"Article\",\"@id\":\"https:\\\/\\\/worldwide-elections.org\\\/ultimo-debate-presidencial-en-bolivia-rumbo-al-balotaje\\\/#article\",\"isPartOf\":{\"@id\":\"https:\\\/\\\/worldwide-elections.org\\\/ultimo-debate-presidencial-en-bolivia-rumbo-al-balotaje\\\/\"},\"author\":{\"name\":\"Mel Garcia\",\"@id\":\"https:\\\/\\\/worldwide-elections.org\\\/en\\\/#\\\/schema\\\/person\\\/9195e674ff89d44189204582de0a828a\"},\"headline\":\"\u00daltimo Debate Presidencial en Bolivia rumbo al balotaje.\",\"datePublished\":\"2025-10-12T22:14:28+00:00\",\"mainEntityOfPage\":{\"@id\":\"https:\\\/\\\/worldwide-elections.org\\\/ultimo-debate-presidencial-en-bolivia-rumbo-al-balotaje\\\/\"},\"wordCount\":296,\"commentCount\":0,\"image\":{\"@id\":\"https:\\\/\\\/worldwide-elections.org\\\/ultimo-debate-presidencial-en-bolivia-rumbo-al-balotaje\\\/#primaryimage\"},\"thumbnailUrl\":\"https:\\\/\\\/worldwide-elections.org\\\/wp-content\\\/uploads\\\/2025\\\/10\\\/Captura-de-pantalla-2025-10-12-a-las-6.10.10-p.-m.png\",\"keywords\":[\"#Debate Presidencial #Bolivia 2025\"],\"articleSection\":[\"Not\u00edcias\"],\"inLanguage\":\"pt-BR\",\"potentialAction\":[{\"@type\":\"CommentAction\",\"name\":\"Comment\",\"target\":[\"https:\\\/\\\/worldwide-elections.org\\\/ultimo-debate-presidencial-en-bolivia-rumbo-al-balotaje\\\/#respond\"]}]},{\"@type\":\"WebPage\",\"@id\":\"https:\\\/\\\/worldwide-elections.org\\\/ultimo-debate-presidencial-en-bolivia-rumbo-al-balotaje\\\/\",\"url\":\"https:\\\/\\\/worldwide-elections.org\\\/ultimo-debate-presidencial-en-bolivia-rumbo-al-balotaje\\\/\",\"name\":\"\u00daltimo Debate Presidencial en Bolivia rumbo al balotaje. - Worldwide Elections\",\"isPartOf\":{\"@id\":\"https:\\\/\\\/worldwide-elections.org\\\/en\\\/#website\"},\"primaryImageOfPage\":{\"@id\":\"https:\\\/\\\/worldwide-elections.org\\\/ultimo-debate-presidencial-en-bolivia-rumbo-al-balotaje\\\/#primaryimage\"},\"image\":{\"@id\":\"https:\\\/\\\/worldwide-elections.org\\\/ultimo-debate-presidencial-en-bolivia-rumbo-al-balotaje\\\/#primaryimage\"},\"thumbnailUrl\":\"https:\\\/\\\/worldwide-elections.org\\\/wp-content\\\/uploads\\\/2025\\\/10\\\/Captura-de-pantalla-2025-10-12-a-las-6.10.10-p.-m.png\",\"datePublished\":\"2025-10-12T22:14:28+00:00\",\"author\":{\"@id\":\"https:\\\/\\\/worldwide-elections.org\\\/en\\\/#\\\/schema\\\/person\\\/9195e674ff89d44189204582de0a828a\"},\"description\":\"El \u00faltimo debate presidencial en Bolivia enfrenta a Rodrigo Paz y Tuto Quiroga rumbo al balotaje del 19 de Octubre.\",\"breadcrumb\":{\"@id\":\"https:\\\/\\\/worldwide-elections.org\\\/ultimo-debate-presidencial-en-bolivia-rumbo-al-balotaje\\\/#breadcrumb\"},\"inLanguage\":\"pt-BR\",\"potentialAction\":[{\"@type\":\"ReadAction\",\"target\":[\"https:\\\/\\\/worldwide-elections.org\\\/ultimo-debate-presidencial-en-bolivia-rumbo-al-balotaje\\\/\"]}]},{\"@type\":\"ImageObject\",\"inLanguage\":\"pt-BR\",\"@id\":\"https:\\\/\\\/worldwide-elections.org\\\/ultimo-debate-presidencial-en-bolivia-rumbo-al-balotaje\\\/#primaryimage\",\"url\":\"https:\\\/\\\/worldwide-elections.org\\\/wp-content\\\/uploads\\\/2025\\\/10\\\/Captura-de-pantalla-2025-10-12-a-las-6.10.10-p.-m.png\",\"contentUrl\":\"https:\\\/\\\/worldwide-elections.org\\\/wp-content\\\/uploads\\\/2025\\\/10\\\/Captura-de-pantalla-2025-10-12-a-las-6.10.10-p.-m.png\",\"width\":824,\"height\":918},{\"@type\":\"BreadcrumbList\",\"@id\":\"https:\\\/\\\/worldwide-elections.org\\\/ultimo-debate-presidencial-en-bolivia-rumbo-al-balotaje\\\/#breadcrumb\",\"itemListElement\":[{\"@type\":\"ListItem\",\"position\":1,\"name\":\"Home\",\"item\":\"https:\\\/\\\/worldwide-elections.org\\\/en\\\/\"},{\"@type\":\"ListItem\",\"position\":2,\"name\":\"\u00daltimo Debate Presidencial en Bolivia rumbo al balotaje.\"}]},{\"@type\":\"WebSite\",\"@id\":\"https:\\\/\\\/worldwide-elections.org\\\/en\\\/#website\",\"url\":\"https:\\\/\\\/worldwide-elections.org\\\/en\\\/\",\"name\":\"Worldwide Elections\",\"description\":\"Monitoring elections, strengthening democracies.\",\"potentialAction\":[{\"@type\":\"SearchAction\",\"target\":{\"@type\":\"EntryPoint\",\"urlTemplate\":\"https:\\\/\\\/worldwide-elections.org\\\/en\\\/?s={search_term_string}\"},\"query-input\":{\"@type\":\"PropertyValueSpecification\",\"valueRequired\":true,\"valueName\":\"search_term_string\"}}],\"inLanguage\":\"pt-BR\"},{\"@type\":\"Person\",\"@id\":\"https:\\\/\\\/worldwide-elections.org\\\/en\\\/#\\\/schema\\\/person\\\/9195e674ff89d44189204582de0a828a\",\"name\":\"Mel Garcia\",\"image\":{\"@type\":\"ImageObject\",\"inLanguage\":\"pt-BR\",\"@id\":\"https:\\\/\\\/secure.gravatar.com\\\/avatar\\\/1f56a3c522d64eb0838e4985838965893f394cdec81937ccf14d2fe134083585?s=96&d=mm&r=g\",\"url\":\"https:\\\/\\\/secure.gravatar.com\\\/avatar\\\/1f56a3c522d64eb0838e4985838965893f394cdec81937ccf14d2fe134083585?s=96&d=mm&r=g\",\"contentUrl\":\"https:\\\/\\\/secure.gravatar.com\\\/avatar\\\/1f56a3c522d64eb0838e4985838965893f394cdec81937ccf14d2fe134083585?s=96&d=mm&r=g\",\"caption\":\"Mel Garcia\"},\"url\":\"https:\\\/\\\/worldwide-elections.org\\\/br\\\/author\\\/melgarciawwe\\\/\"}]}<\/script>\n<!-- \/ Yoast SEO plugin. -->",
    "yoast_head_json": {
        "title": "\u00daltimo Debate Presidencial en Bolivia rumbo al balotaje. - Worldwide Elections",
        "description": "El \u00faltimo debate presidencial en Bolivia enfrenta a Rodrigo Paz y Tuto Quiroga rumbo al balotaje del 19 de Octubre.",
        "robots": {
            "index": "index",
            "follow": "follow",
            "max-snippet": "max-snippet:-1",
            "max-image-preview": "max-image-preview:large",
            "max-video-preview": "max-video-preview:-1"
        },
        "canonical": "https:\/\/worldwide-elections.org\/br\/ultimo-debate-presidencial-en-bolivia-rumbo-al-balotaje\/",
        "og_locale": "pt_BR",
        "og_type": "article",
        "og_title": "\u00daltimo Debate Presidencial en Bolivia rumbo al balotaje. - Worldwide Elections",
        "og_description": "El \u00faltimo debate presidencial en Bolivia enfrenta a Rodrigo Paz y Tuto Quiroga rumbo al balotaje del 19 de Octubre.",
        "og_url": "https:\/\/worldwide-elections.org\/br\/ultimo-debate-presidencial-en-bolivia-rumbo-al-balotaje\/",
        "og_site_name": "Worldwide Elections",
        "article_published_time": "2025-10-12T22:14:28+00:00",
        "og_image": [
            {
                "width": 824,
                "height": 918,
                "url": "https:\/\/worldwide-elections.org\/wp-content\/uploads\/2025\/10\/Captura-de-pantalla-2025-10-12-a-las-6.10.10-p.-m.png",
                "type": "image\/png"
            }
        ],
        "author": "Mel Garcia",
        "twitter_card": "summary_large_image",
        "twitter_misc": {
            "Escrito por": "Mel Garcia",
            "Est. tempo de leitura": "2 minutos"
        },
        "schema": {
            "@context": "https:\/\/schema.org",
            "@graph": [
                {
                    "@type": "Article",
                    "@id": "https:\/\/worldwide-elections.org\/ultimo-debate-presidencial-en-bolivia-rumbo-al-balotaje\/#article",
                    "isPartOf": {
                        "@id": "https:\/\/worldwide-elections.org\/ultimo-debate-presidencial-en-bolivia-rumbo-al-balotaje\/"
                    },
                    "author": {
                        "name": "Mel Garcia",
                        "@id": "https:\/\/worldwide-elections.org\/en\/#\/schema\/person\/9195e674ff89d44189204582de0a828a"
                    },
                    "headline": "\u00daltimo Debate Presidencial en Bolivia rumbo al balotaje.",
                    "datePublished": "2025-10-12T22:14:28+00:00",
                    "mainEntityOfPage": {
                        "@id": "https:\/\/worldwide-elections.org\/ultimo-debate-presidencial-en-bolivia-rumbo-al-balotaje\/"
                    },
                    "wordCount": 296,
                    "commentCount": 0,
                    "image": {
                        "@id": "https:\/\/worldwide-elections.org\/ultimo-debate-presidencial-en-bolivia-rumbo-al-balotaje\/#primaryimage"
                    },
                    "thumbnailUrl": "https:\/\/worldwide-elections.org\/wp-content\/uploads\/2025\/10\/Captura-de-pantalla-2025-10-12-a-las-6.10.10-p.-m.png",
                    "keywords": [
                        "#Debate Presidencial #Bolivia 2025"
                    ],
                    "articleSection": [
                        "Not\u00edcias"
                    ],
                    "inLanguage": "pt-BR",
                    "potentialAction": [
                        {
                            "@type": "CommentAction",
                            "name": "Comment",
                            "target": [
                                "https:\/\/worldwide-elections.org\/ultimo-debate-presidencial-en-bolivia-rumbo-al-balotaje\/#respond"
                            ]
                        }
                    ]
                },
                {
                    "@type": "WebPage",
                    "@id": "https:\/\/worldwide-elections.org\/ultimo-debate-presidencial-en-bolivia-rumbo-al-balotaje\/",
                    "url": "https:\/\/worldwide-elections.org\/ultimo-debate-presidencial-en-bolivia-rumbo-al-balotaje\/",
                    "name": "\u00daltimo Debate Presidencial en Bolivia rumbo al balotaje. - Worldwide Elections",
                    "isPartOf": {
                        "@id": "https:\/\/worldwide-elections.org\/en\/#website"
                    },
                    "primaryImageOfPage": {
                        "@id": "https:\/\/worldwide-elections.org\/ultimo-debate-presidencial-en-bolivia-rumbo-al-balotaje\/#primaryimage"
                    },
                    "image": {
                        "@id": "https:\/\/worldwide-elections.org\/ultimo-debate-presidencial-en-bolivia-rumbo-al-balotaje\/#primaryimage"
                    },
                    "thumbnailUrl": "https:\/\/worldwide-elections.org\/wp-content\/uploads\/2025\/10\/Captura-de-pantalla-2025-10-12-a-las-6.10.10-p.-m.png",
                    "datePublished": "2025-10-12T22:14:28+00:00",
                    "author": {
                        "@id": "https:\/\/worldwide-elections.org\/en\/#\/schema\/person\/9195e674ff89d44189204582de0a828a"
                    },
                    "description": "El \u00faltimo debate presidencial en Bolivia enfrenta a Rodrigo Paz y Tuto Quiroga rumbo al balotaje del 19 de Octubre.",
                    "breadcrumb": {
                        "@id": "https:\/\/worldwide-elections.org\/ultimo-debate-presidencial-en-bolivia-rumbo-al-balotaje\/#breadcrumb"
                    },
                    "inLanguage": "pt-BR",
                    "potentialAction": [
                        {
                            "@type": "ReadAction",
                            "target": [
                                "https:\/\/worldwide-elections.org\/ultimo-debate-presidencial-en-bolivia-rumbo-al-balotaje\/"
                            ]
                        }
                    ]
                },
                {
                    "@type": "ImageObject",
                    "inLanguage": "pt-BR",
                    "@id": "https:\/\/worldwide-elections.org\/ultimo-debate-presidencial-en-bolivia-rumbo-al-balotaje\/#primaryimage",
                    "url": "https:\/\/worldwide-elections.org\/wp-content\/uploads\/2025\/10\/Captura-de-pantalla-2025-10-12-a-las-6.10.10-p.-m.png",
                    "contentUrl": "https:\/\/worldwide-elections.org\/wp-content\/uploads\/2025\/10\/Captura-de-pantalla-2025-10-12-a-las-6.10.10-p.-m.png",
                    "width": 824,
                    "height": 918
                },
                {
                    "@type": "BreadcrumbList",
                    "@id": "https:\/\/worldwide-elections.org\/ultimo-debate-presidencial-en-bolivia-rumbo-al-balotaje\/#breadcrumb",
                    "itemListElement": [
                        {
                            "@type": "ListItem",
                            "position": 1,
                            "name": "Home",
                            "item": "https:\/\/worldwide-elections.org\/en\/"
                        },
                        {
                            "@type": "ListItem",
                            "position": 2,
                            "name": "\u00daltimo Debate Presidencial en Bolivia rumbo al balotaje."
                        }
                    ]
                },
                {
                    "@type": "WebSite",
                    "@id": "https:\/\/worldwide-elections.org\/en\/#website",
                    "url": "https:\/\/worldwide-elections.org\/en\/",
                    "name": "Worldwide Elections",
                    "description": "Monitoring elections, strengthening democracies.",
                    "potentialAction": [
                        {
                            "@type": "SearchAction",
                            "target": {
                                "@type": "EntryPoint",
                                "urlTemplate": "https:\/\/worldwide-elections.org\/en\/?s={search_term_string}"
                            },
                            "query-input": {
                                "@type": "PropertyValueSpecification",
                                "valueRequired": true,
                                "valueName": "search_term_string"
                            }
                        }
                    ],
                    "inLanguage": "pt-BR"
                },
                {
                    "@type": "Person",
                    "@id": "https:\/\/worldwide-elections.org\/en\/#\/schema\/person\/9195e674ff89d44189204582de0a828a",
                    "name": "Mel Garcia",
                    "image": {
                        "@type": "ImageObject",
                        "inLanguage": "pt-BR",
                        "@id": "https:\/\/secure.gravatar.com\/avatar\/1f56a3c522d64eb0838e4985838965893f394cdec81937ccf14d2fe134083585?s=96&d=mm&r=g",
                        "url": "https:\/\/secure.gravatar.com\/avatar\/1f56a3c522d64eb0838e4985838965893f394cdec81937ccf14d2fe134083585?s=96&d=mm&r=g",
                        "contentUrl": "https:\/\/secure.gravatar.com\/avatar\/1f56a3c522d64eb0838e4985838965893f394cdec81937ccf14d2fe134083585?s=96&d=mm&r=g",
                        "caption": "Mel Garcia"
                    },
                    "url": "https:\/\/worldwide-elections.org\/br\/author\/melgarciawwe\/"
                }
            ]
        }
    },
    "_links": {
        "self": [
            {
                "href": "https:\/\/worldwide-elections.org\/br\/wp-json\/wp\/v2\/posts\/465",
                "targetHints": {
                    "allow": [
                        "GET"
                    ]
                }
            }
        ],
        "collection": [
            {
                "href": "https:\/\/worldwide-elections.org\/br\/wp-json\/wp\/v2\/posts"
            }
        ],
        "about": [
            {
                "href": "https:\/\/worldwide-elections.org\/br\/wp-json\/wp\/v2\/types\/post"
            }
        ],
        "author": [
            {
                "embeddable": true,
                "href": "https:\/\/worldwide-elections.org\/br\/wp-json\/wp\/v2\/users\/2"
            }
        ],
        "replies": [
            {
                "embeddable": true,
                "href": "https:\/\/worldwide-elections.org\/br\/wp-json\/wp\/v2\/comments?post=465"
            }
        ],
        "version-history": [
            {
                "count": 1,
                "href": "https:\/\/worldwide-elections.org\/br\/wp-json\/wp\/v2\/posts\/465\/revisions"
            }
        ],
        "predecessor-version": [
            {
                "id": 467,
                "href": "https:\/\/worldwide-elections.org\/br\/wp-json\/wp\/v2\/posts\/465\/revisions\/467"
            }
        ],
        "wp:featuredmedia": [
            {
                "embeddable": true,
                "href": "https:\/\/worldwide-elections.org\/br\/wp-json\/wp\/v2\/media\/466"
            }
        ],
        "wp:attachment": [
            {
                "href": "https:\/\/worldwide-elections.org\/br\/wp-json\/wp\/v2\/media?parent=465"
            }
        ],
        "wp:term": [
            {
                "taxonomy": "category",
                "embeddable": true,
                "href": "https:\/\/worldwide-elections.org\/br\/wp-json\/wp\/v2\/categories?post=465"
            },
            {
                "taxonomy": "post_tag",
                "embeddable": true,
                "href": "https:\/\/worldwide-elections.org\/br\/wp-json\/wp\/v2\/tags?post=465"
            }
        ],
        "curies": [
            {
                "name": "wp",
                "href": "https:\/\/api.w.org\/{rel}",
                "templated": true
            }
        ]
    }
}