{
    "id": 454,
    "date": "2025-08-18T10:41:49",
    "date_gmt": "2025-08-18T13:41:49",
    "guid": {
        "rendered": "https:\/\/worldwide-elections.org\/?p=454"
    },
    "modified": "2025-08-18T10:42:47",
    "modified_gmt": "2025-08-18T13:42:47",
    "slug": "derrota-historica-del-mas-en-bolivia-gano-paz-pereira-y-habra-balotaje-con-tuta-quiroga",
    "status": "publish",
    "type": "post",
    "link": "https:\/\/worldwide-elections.org\/br\/derrota-historica-del-mas-en-bolivia-gano-paz-pereira-y-habra-balotaje-con-tuta-quiroga\/",
    "title": {
        "rendered": "Derrota hist\u00f3rica del MAS en Bolivia: Gan\u00f3 Paz Pereira y habr\u00e1 balotaje con \u00abTuto\u00bb Quiroga"
    },
    "content": {
        "rendered": "<p>Tras 20 a\u00f1os de gobierno del Movimiento Al Socialismo (MAS), Bolivia tendr\u00e1 un cambio hist\u00f3rico y gira hacia la derecha. La izquierda dejar\u00e1 el poder y el balotaje lo definir\u00e1n el inesperado Rodrigo Paz Pereira (57), y el ex presidente liberal Jorge \u201cTuto\u201d Quiroga (65).<\/p>\n\n\n\n<p>El senador e hijo del ex presidente Jaime Paz Zamora (1989-1993), se present\u00f3 por el Partido Dem\u00f3crata Cristiano (PDC) y result\u00f3 un tapado porque figuraba con un 8,3% en los \u00faltimos sondeos y fue el m\u00e1s votado con el 32,13%, con el 91,96% de las actas escrutadas.<\/p>\n\n\n\n<p>Los dos modelos que se oponen fuertemente a la izquierda protagonizar\u00e1n el primer balotaje desde la nueva Constituci\u00f3n de 2009, el 19 de octubre.<\/p>\n\n\n\n<p>Es as\u00ed como, el senador Rodrigo Paz Pereira y el expresidente Jorge \u00abTuto\u00bb Quiroga se disputar\u00e1n la presidencia de Bolivia en la segunda vuelta. Ambos fueron los dos candidatos m\u00e1s votados en las elecciones presidenciales de este domingo, marcadas por una profunda crisis econ\u00f3mica en el pa\u00eds, la divisi\u00f3n de la oposici\u00f3n y la ruptura dentro de la izquierda y el MAS, que perder\u00e1 el poder dos d\u00e9cadas despu\u00e9s de la primera victoria electoral de Evo Morales en 2005.<\/p>\n\n\n\n<p>Rodrigo Paz (Partido Dem\u00f3crata Cristiano) obtuvo m\u00e1s de 1.561.000 votos -32,08%- y Quiroga (Alianza Libre) super\u00f3 los 1.311.000 -26,94-, seg\u00fan los resultados preliminares emitidos por el Tribunal Supremo Electoral (TSE) con m\u00e1s del 90% de votos escrutados.<\/p>\n\n\n\n<p>Por detr\u00e1s quedaron el empresario Samuel Doria Medina -que seg\u00fan las encuestas part\u00eda como favorito- con el 19,93% y el principal aspirante de la izquierda Andr\u00f3nico Rodr\u00edguez, con el 8,15%.<\/p>\n\n\n\n<p>El partido gobernante Movimiento al Socialismo (MAS) sufri\u00f3 una debacle hist\u00f3rica al quedar en sexto lugar con el 3,14% de los votos.<\/p>\n\n\n\n<p>La participaci\u00f3n fue de 78,55% sobre un padr\u00f3n de 7,5 millones de ciudadanos habilitados, seg\u00fan el TSE.<\/p>\n\n\n\n<p>Paz, que se presenta como una figura de renovaci\u00f3n pol\u00edtica de centro, y Quiroga, m\u00e1s alineado con la derecha conservadora, se enfrentar\u00e1n el 19 de octubre en la segunda vuelta.<\/p>\n\n\n\n<p>Esto marca un precedente ya que, desde que en 2009 se instaurara el sistema de balotaje en Bolivia, todas las elecciones se hab\u00edan decidido en la primera votaci\u00f3n.<\/p>\n\n\n\n<p>La Constituci\u00f3n boliviana establece que un candidato puede ganar la presidencia en primera vuelta si obtiene m\u00e1s del 50% de los votos v\u00e1lidos, o al menos el 40% con una diferencia de diez puntos porcentuales sobre el segundo.<\/p>\n\n\n\n<p>El avance al balotaje de Paz y Quiroga tambi\u00e9n anticipa un cambio hist\u00f3rico en la pol\u00edtica boliviana, ya que los ciudadanos elegir\u00e1n un presidente que no sea de izquierdas tras casi dos d\u00e9cadas gobernados por el MAS.<\/p>\n\n\n\n<p>El resultado confirma la fractura y el declive de la fuerza pol\u00edtica fundada por Evo Morales, que lleg\u00f3 dividida a la contienda y con un respaldo electoral muy por debajo del que ha marcado la pol\u00edtica boliviana durante los \u00faltimos 20 a\u00f1os.<\/p>\n\n\n\n<p>Crisis econ\u00f3mica y fragmentaci\u00f3n pol\u00edtica<\/p>\n\n\n\n<p>La elecci\u00f3n tuvo como tel\u00f3n de fondo la peor crisis econ\u00f3mica de los \u00faltimos 40 a\u00f1os.<\/p>\n\n\n\n<p>Bolivia enfrenta una inflaci\u00f3n interanual cercana al 25%, escasez de combustibles, p\u00e9rdida de valor del boliviano en el mercado paralelo y dificultades para acceder a d\u00f3lares.<\/p>\n\n\n\n<p>Analistas atribuyen al malestar social vinculado a la crisis la fragmentaci\u00f3n del voto, que explica en buena medida que ning\u00fan candidato superara el 33% en la primera vuelta.<\/p>\n\n\n\n<p>Otro de los factores determinantes fue la fractura del Movimiento al Socialismo, que lleg\u00f3 dividido a estas elecciones.<\/p>\n\n\n\n<p>El presidente Luis Arce se retir\u00f3 de la carrera en mayo y dio su apoyo a su exministro de Gobierno, Eduardo del Castillo, que se present\u00f3 con la sigla del MAS\u2013IPSP con resultados muy por debajo de lo esperado.<\/p>\n\n\n\n<p>Andr\u00f3nico Rodr\u00edguez, presidente del Senado y figura emergente del espacio de izquierda, intent\u00f3 presentarse como una alternativa con su propia alianza, pero no logr\u00f3 capitalizar el voto del MAS.<\/p>\n\n\n\n<p>El expresidente Evo Morales, inhabilitado por la justicia para presentarse a las elecciones, denunci\u00f3 la \u00abproscripci\u00f3n\u00bb de su participaci\u00f3n electoral y promovi\u00f3 el voto nulo, lo que habr\u00eda restado a\u00fan m\u00e1s papeletas a la izquierda.<\/p>\n\n\n\n<p>Los votos nulos sumaron 1.165.000, el 18,9%, muy por encima del promedio de los pasados comicios que rondaba el 3,7%.<\/p>\n\n\n\n<p>Sin embargo, aun teniendo en cuenta este dato y el llamado de Morales, los resultados preliminares apuntan a que la izquierda qued\u00f3 lejos de disputar la presidencia.<\/p>\n\n\n\n<p>As\u00ed, la segunda vuelta enfrentar\u00e1 a dos proyectos opositores que coinciden en su rechazo al MAS, pero difieren en sus enfoques.<\/p>\n\n\n\n<p>Quien gane el 19 de octubre, en todo caso, se enfrentar\u00e1 al reto de inaugurar un nuevo ciclo pol\u00edtico en un contexto marcado por una de las peores crisis econ\u00f3micas de las \u00faltimas d\u00e9cadas en el pa\u00eds sudamericano.<\/p>",
        "protected": false
    },
    "excerpt": {
        "rendered": "<p>Tras 20 a\u00f1os de gobierno del Movimiento Al Socialismo (MAS), Bolivia tendr\u00e1 un cambio hist\u00f3rico y gira hacia la derecha. La izquierda dejar\u00e1 el poder y el balotaje lo definir\u00e1n el inesperado Rodrigo Paz Pereira (57), y el ex presidente liberal Jorge \u201cTuto\u201d Quiroga (65). El senador e hijo del ex presidente Jaime Paz Zamora [&hellip;]<\/p>",
        "protected": false
    },
    "author": 2,
    "featured_media": 455,
    "comment_status": "open",
    "ping_status": "open",
    "sticky": false,
    "template": "",
    "format": "standard",
    "meta": {
        "_acf_changed": false,
        "inline_featured_image": false,
        "footnotes": ""
    },
    "categories": [
        38
    ],
    "tags": [
        46,
        39,
        41,
        40
    ],
    "class_list": [
        "post-454",
        "post",
        "type-post",
        "status-publish",
        "format-standard",
        "has-post-thumbnail",
        "hentry",
        "category-noticias",
        "tag-worldwideelections",
        "tag-elecciones",
        "tag-elecciones-bolivia",
        "tag-presidential-election"
    ],
    "acf": [],
    "yoast_head": "<!-- This site is optimized with the Yoast SEO plugin v27.5 - https:\/\/yoast.com\/product\/yoast-seo-wordpress\/ -->\n<title>Derrota hist\u00f3rica del MAS en Bolivia: Gan\u00f3 Paz Pereira y habr\u00e1 balotaje con \u00abTuto\u00bb Quiroga - Worldwide Elections<\/title>\n<meta name=\"robots\" content=\"index, follow, max-snippet:-1, max-image-preview:large, max-video-preview:-1\" \/>\n<link rel=\"canonical\" href=\"https:\/\/worldwide-elections.org\/br\/derrota-historica-del-mas-en-bolivia-gano-paz-pereira-y-habra-balotaje-con-tuta-quiroga\/\" \/>\n<meta property=\"og:locale\" content=\"pt_BR\" \/>\n<meta property=\"og:type\" content=\"article\" \/>\n<meta property=\"og:title\" content=\"Derrota hist\u00f3rica del MAS en Bolivia: Gan\u00f3 Paz Pereira y habr\u00e1 balotaje con \u00abTuto\u00bb Quiroga - Worldwide Elections\" \/>\n<meta property=\"og:description\" content=\"Tras 20 a\u00f1os de gobierno del Movimiento Al Socialismo (MAS), Bolivia tendr\u00e1 un cambio hist\u00f3rico y gira hacia la derecha. La izquierda dejar\u00e1 el poder y el balotaje lo definir\u00e1n el inesperado Rodrigo Paz Pereira (57), y el ex presidente liberal Jorge \u201cTuto\u201d Quiroga (65). El senador e hijo del ex presidente Jaime Paz Zamora [&hellip;]\" \/>\n<meta property=\"og:url\" content=\"https:\/\/worldwide-elections.org\/br\/derrota-historica-del-mas-en-bolivia-gano-paz-pereira-y-habra-balotaje-con-tuta-quiroga\/\" \/>\n<meta property=\"og:site_name\" content=\"Worldwide Elections\" \/>\n<meta property=\"article:published_time\" content=\"2025-08-18T13:41:49+00:00\" \/>\n<meta property=\"article:modified_time\" content=\"2025-08-18T13:42:47+00:00\" \/>\n<meta property=\"og:image\" content=\"https:\/\/worldwide-elections.org\/wp-content\/uploads\/2025\/08\/IMG_2354.webp\" \/>\n\t<meta property=\"og:image:width\" content=\"1200\" \/>\n\t<meta property=\"og:image:height\" content=\"740\" \/>\n\t<meta property=\"og:image:type\" content=\"image\/webp\" \/>\n<meta name=\"author\" content=\"Mel Garcia\" \/>\n<meta name=\"twitter:card\" content=\"summary_large_image\" \/>\n<meta name=\"twitter:label1\" content=\"Escrito por\" \/>\n\t<meta name=\"twitter:data1\" content=\"Mel Garcia\" \/>\n\t<meta name=\"twitter:label2\" content=\"Est. tempo de leitura\" \/>\n\t<meta name=\"twitter:data2\" content=\"5 minutos\" \/>\n<script type=\"application\/ld+json\" class=\"yoast-schema-graph\">{\"@context\":\"https:\\\/\\\/schema.org\",\"@graph\":[{\"@type\":\"Article\",\"@id\":\"https:\\\/\\\/worldwide-elections.org\\\/derrota-historica-del-mas-en-bolivia-gano-paz-pereira-y-habra-balotaje-con-tuta-quiroga\\\/#article\",\"isPartOf\":{\"@id\":\"https:\\\/\\\/worldwide-elections.org\\\/derrota-historica-del-mas-en-bolivia-gano-paz-pereira-y-habra-balotaje-con-tuta-quiroga\\\/\"},\"author\":{\"name\":\"Mel Garcia\",\"@id\":\"https:\\\/\\\/worldwide-elections.org\\\/en\\\/#\\\/schema\\\/person\\\/9195e674ff89d44189204582de0a828a\"},\"headline\":\"Derrota hist\u00f3rica del MAS en Bolivia: Gan\u00f3 Paz Pereira y habr\u00e1 balotaje con \u00abTuto\u00bb Quiroga\",\"datePublished\":\"2025-08-18T13:41:49+00:00\",\"dateModified\":\"2025-08-18T13:42:47+00:00\",\"mainEntityOfPage\":{\"@id\":\"https:\\\/\\\/worldwide-elections.org\\\/derrota-historica-del-mas-en-bolivia-gano-paz-pereira-y-habra-balotaje-con-tuta-quiroga\\\/\"},\"wordCount\":836,\"commentCount\":0,\"image\":{\"@id\":\"https:\\\/\\\/worldwide-elections.org\\\/derrota-historica-del-mas-en-bolivia-gano-paz-pereira-y-habra-balotaje-con-tuta-quiroga\\\/#primaryimage\"},\"thumbnailUrl\":\"https:\\\/\\\/worldwide-elections.org\\\/wp-content\\\/uploads\\\/2025\\\/08\\\/IMG_2354.webp\",\"keywords\":[\"#WorldwideElections\",\"ELECCIONES\",\"ELECCIONES BOLIVIA\",\"PRESIDENTIAL ELECTION\"],\"articleSection\":[\"Not\u00edcias\"],\"inLanguage\":\"pt-BR\",\"potentialAction\":[{\"@type\":\"CommentAction\",\"name\":\"Comment\",\"target\":[\"https:\\\/\\\/worldwide-elections.org\\\/derrota-historica-del-mas-en-bolivia-gano-paz-pereira-y-habra-balotaje-con-tuta-quiroga\\\/#respond\"]}]},{\"@type\":\"WebPage\",\"@id\":\"https:\\\/\\\/worldwide-elections.org\\\/derrota-historica-del-mas-en-bolivia-gano-paz-pereira-y-habra-balotaje-con-tuta-quiroga\\\/\",\"url\":\"https:\\\/\\\/worldwide-elections.org\\\/derrota-historica-del-mas-en-bolivia-gano-paz-pereira-y-habra-balotaje-con-tuta-quiroga\\\/\",\"name\":\"Derrota hist\u00f3rica del MAS en Bolivia: Gan\u00f3 Paz Pereira y habr\u00e1 balotaje con \u00abTuto\u00bb Quiroga - Worldwide Elections\",\"isPartOf\":{\"@id\":\"https:\\\/\\\/worldwide-elections.org\\\/en\\\/#website\"},\"primaryImageOfPage\":{\"@id\":\"https:\\\/\\\/worldwide-elections.org\\\/derrota-historica-del-mas-en-bolivia-gano-paz-pereira-y-habra-balotaje-con-tuta-quiroga\\\/#primaryimage\"},\"image\":{\"@id\":\"https:\\\/\\\/worldwide-elections.org\\\/derrota-historica-del-mas-en-bolivia-gano-paz-pereira-y-habra-balotaje-con-tuta-quiroga\\\/#primaryimage\"},\"thumbnailUrl\":\"https:\\\/\\\/worldwide-elections.org\\\/wp-content\\\/uploads\\\/2025\\\/08\\\/IMG_2354.webp\",\"datePublished\":\"2025-08-18T13:41:49+00:00\",\"dateModified\":\"2025-08-18T13:42:47+00:00\",\"author\":{\"@id\":\"https:\\\/\\\/worldwide-elections.org\\\/en\\\/#\\\/schema\\\/person\\\/9195e674ff89d44189204582de0a828a\"},\"breadcrumb\":{\"@id\":\"https:\\\/\\\/worldwide-elections.org\\\/derrota-historica-del-mas-en-bolivia-gano-paz-pereira-y-habra-balotaje-con-tuta-quiroga\\\/#breadcrumb\"},\"inLanguage\":\"pt-BR\",\"potentialAction\":[{\"@type\":\"ReadAction\",\"target\":[\"https:\\\/\\\/worldwide-elections.org\\\/derrota-historica-del-mas-en-bolivia-gano-paz-pereira-y-habra-balotaje-con-tuta-quiroga\\\/\"]}]},{\"@type\":\"ImageObject\",\"inLanguage\":\"pt-BR\",\"@id\":\"https:\\\/\\\/worldwide-elections.org\\\/derrota-historica-del-mas-en-bolivia-gano-paz-pereira-y-habra-balotaje-con-tuta-quiroga\\\/#primaryimage\",\"url\":\"https:\\\/\\\/worldwide-elections.org\\\/wp-content\\\/uploads\\\/2025\\\/08\\\/IMG_2354.webp\",\"contentUrl\":\"https:\\\/\\\/worldwide-elections.org\\\/wp-content\\\/uploads\\\/2025\\\/08\\\/IMG_2354.webp\",\"width\":1200,\"height\":740},{\"@type\":\"BreadcrumbList\",\"@id\":\"https:\\\/\\\/worldwide-elections.org\\\/derrota-historica-del-mas-en-bolivia-gano-paz-pereira-y-habra-balotaje-con-tuta-quiroga\\\/#breadcrumb\",\"itemListElement\":[{\"@type\":\"ListItem\",\"position\":1,\"name\":\"Home\",\"item\":\"https:\\\/\\\/worldwide-elections.org\\\/en\\\/\"},{\"@type\":\"ListItem\",\"position\":2,\"name\":\"Derrota hist\u00f3rica del MAS en Bolivia: Gan\u00f3 Paz Pereira y habr\u00e1 balotaje con \u00abTuto\u00bb Quiroga\"}]},{\"@type\":\"WebSite\",\"@id\":\"https:\\\/\\\/worldwide-elections.org\\\/en\\\/#website\",\"url\":\"https:\\\/\\\/worldwide-elections.org\\\/en\\\/\",\"name\":\"Worldwide Elections\",\"description\":\"Monitoring elections, strengthening democracies.\",\"potentialAction\":[{\"@type\":\"SearchAction\",\"target\":{\"@type\":\"EntryPoint\",\"urlTemplate\":\"https:\\\/\\\/worldwide-elections.org\\\/en\\\/?s={search_term_string}\"},\"query-input\":{\"@type\":\"PropertyValueSpecification\",\"valueRequired\":true,\"valueName\":\"search_term_string\"}}],\"inLanguage\":\"pt-BR\"},{\"@type\":\"Person\",\"@id\":\"https:\\\/\\\/worldwide-elections.org\\\/en\\\/#\\\/schema\\\/person\\\/9195e674ff89d44189204582de0a828a\",\"name\":\"Mel Garcia\",\"image\":{\"@type\":\"ImageObject\",\"inLanguage\":\"pt-BR\",\"@id\":\"https:\\\/\\\/secure.gravatar.com\\\/avatar\\\/1f56a3c522d64eb0838e4985838965893f394cdec81937ccf14d2fe134083585?s=96&d=mm&r=g\",\"url\":\"https:\\\/\\\/secure.gravatar.com\\\/avatar\\\/1f56a3c522d64eb0838e4985838965893f394cdec81937ccf14d2fe134083585?s=96&d=mm&r=g\",\"contentUrl\":\"https:\\\/\\\/secure.gravatar.com\\\/avatar\\\/1f56a3c522d64eb0838e4985838965893f394cdec81937ccf14d2fe134083585?s=96&d=mm&r=g\",\"caption\":\"Mel Garcia\"},\"url\":\"https:\\\/\\\/worldwide-elections.org\\\/br\\\/author\\\/melgarciawwe\\\/\"}]}<\/script>\n<!-- \/ Yoast SEO plugin. -->",
    "yoast_head_json": {
        "title": "Derrota hist\u00f3rica del MAS en Bolivia: Gan\u00f3 Paz Pereira y habr\u00e1 balotaje con \u00abTuto\u00bb Quiroga - Worldwide Elections",
        "robots": {
            "index": "index",
            "follow": "follow",
            "max-snippet": "max-snippet:-1",
            "max-image-preview": "max-image-preview:large",
            "max-video-preview": "max-video-preview:-1"
        },
        "canonical": "https:\/\/worldwide-elections.org\/br\/derrota-historica-del-mas-en-bolivia-gano-paz-pereira-y-habra-balotaje-con-tuta-quiroga\/",
        "og_locale": "pt_BR",
        "og_type": "article",
        "og_title": "Derrota hist\u00f3rica del MAS en Bolivia: Gan\u00f3 Paz Pereira y habr\u00e1 balotaje con \u00abTuto\u00bb Quiroga - Worldwide Elections",
        "og_description": "Tras 20 a\u00f1os de gobierno del Movimiento Al Socialismo (MAS), Bolivia tendr\u00e1 un cambio hist\u00f3rico y gira hacia la derecha. La izquierda dejar\u00e1 el poder y el balotaje lo definir\u00e1n el inesperado Rodrigo Paz Pereira (57), y el ex presidente liberal Jorge \u201cTuto\u201d Quiroga (65). El senador e hijo del ex presidente Jaime Paz Zamora [&hellip;]",
        "og_url": "https:\/\/worldwide-elections.org\/br\/derrota-historica-del-mas-en-bolivia-gano-paz-pereira-y-habra-balotaje-con-tuta-quiroga\/",
        "og_site_name": "Worldwide Elections",
        "article_published_time": "2025-08-18T13:41:49+00:00",
        "article_modified_time": "2025-08-18T13:42:47+00:00",
        "og_image": [
            {
                "width": 1200,
                "height": 740,
                "url": "https:\/\/worldwide-elections.org\/wp-content\/uploads\/2025\/08\/IMG_2354.webp",
                "type": "image\/webp"
            }
        ],
        "author": "Mel Garcia",
        "twitter_card": "summary_large_image",
        "twitter_misc": {
            "Escrito por": "Mel Garcia",
            "Est. tempo de leitura": "5 minutos"
        },
        "schema": {
            "@context": "https:\/\/schema.org",
            "@graph": [
                {
                    "@type": "Article",
                    "@id": "https:\/\/worldwide-elections.org\/derrota-historica-del-mas-en-bolivia-gano-paz-pereira-y-habra-balotaje-con-tuta-quiroga\/#article",
                    "isPartOf": {
                        "@id": "https:\/\/worldwide-elections.org\/derrota-historica-del-mas-en-bolivia-gano-paz-pereira-y-habra-balotaje-con-tuta-quiroga\/"
                    },
                    "author": {
                        "name": "Mel Garcia",
                        "@id": "https:\/\/worldwide-elections.org\/en\/#\/schema\/person\/9195e674ff89d44189204582de0a828a"
                    },
                    "headline": "Derrota hist\u00f3rica del MAS en Bolivia: Gan\u00f3 Paz Pereira y habr\u00e1 balotaje con \u00abTuto\u00bb Quiroga",
                    "datePublished": "2025-08-18T13:41:49+00:00",
                    "dateModified": "2025-08-18T13:42:47+00:00",
                    "mainEntityOfPage": {
                        "@id": "https:\/\/worldwide-elections.org\/derrota-historica-del-mas-en-bolivia-gano-paz-pereira-y-habra-balotaje-con-tuta-quiroga\/"
                    },
                    "wordCount": 836,
                    "commentCount": 0,
                    "image": {
                        "@id": "https:\/\/worldwide-elections.org\/derrota-historica-del-mas-en-bolivia-gano-paz-pereira-y-habra-balotaje-con-tuta-quiroga\/#primaryimage"
                    },
                    "thumbnailUrl": "https:\/\/worldwide-elections.org\/wp-content\/uploads\/2025\/08\/IMG_2354.webp",
                    "keywords": [
                        "#WorldwideElections",
                        "ELECCIONES",
                        "ELECCIONES BOLIVIA",
                        "PRESIDENTIAL ELECTION"
                    ],
                    "articleSection": [
                        "Not\u00edcias"
                    ],
                    "inLanguage": "pt-BR",
                    "potentialAction": [
                        {
                            "@type": "CommentAction",
                            "name": "Comment",
                            "target": [
                                "https:\/\/worldwide-elections.org\/derrota-historica-del-mas-en-bolivia-gano-paz-pereira-y-habra-balotaje-con-tuta-quiroga\/#respond"
                            ]
                        }
                    ]
                },
                {
                    "@type": "WebPage",
                    "@id": "https:\/\/worldwide-elections.org\/derrota-historica-del-mas-en-bolivia-gano-paz-pereira-y-habra-balotaje-con-tuta-quiroga\/",
                    "url": "https:\/\/worldwide-elections.org\/derrota-historica-del-mas-en-bolivia-gano-paz-pereira-y-habra-balotaje-con-tuta-quiroga\/",
                    "name": "Derrota hist\u00f3rica del MAS en Bolivia: Gan\u00f3 Paz Pereira y habr\u00e1 balotaje con \u00abTuto\u00bb Quiroga - Worldwide Elections",
                    "isPartOf": {
                        "@id": "https:\/\/worldwide-elections.org\/en\/#website"
                    },
                    "primaryImageOfPage": {
                        "@id": "https:\/\/worldwide-elections.org\/derrota-historica-del-mas-en-bolivia-gano-paz-pereira-y-habra-balotaje-con-tuta-quiroga\/#primaryimage"
                    },
                    "image": {
                        "@id": "https:\/\/worldwide-elections.org\/derrota-historica-del-mas-en-bolivia-gano-paz-pereira-y-habra-balotaje-con-tuta-quiroga\/#primaryimage"
                    },
                    "thumbnailUrl": "https:\/\/worldwide-elections.org\/wp-content\/uploads\/2025\/08\/IMG_2354.webp",
                    "datePublished": "2025-08-18T13:41:49+00:00",
                    "dateModified": "2025-08-18T13:42:47+00:00",
                    "author": {
                        "@id": "https:\/\/worldwide-elections.org\/en\/#\/schema\/person\/9195e674ff89d44189204582de0a828a"
                    },
                    "breadcrumb": {
                        "@id": "https:\/\/worldwide-elections.org\/derrota-historica-del-mas-en-bolivia-gano-paz-pereira-y-habra-balotaje-con-tuta-quiroga\/#breadcrumb"
                    },
                    "inLanguage": "pt-BR",
                    "potentialAction": [
                        {
                            "@type": "ReadAction",
                            "target": [
                                "https:\/\/worldwide-elections.org\/derrota-historica-del-mas-en-bolivia-gano-paz-pereira-y-habra-balotaje-con-tuta-quiroga\/"
                            ]
                        }
                    ]
                },
                {
                    "@type": "ImageObject",
                    "inLanguage": "pt-BR",
                    "@id": "https:\/\/worldwide-elections.org\/derrota-historica-del-mas-en-bolivia-gano-paz-pereira-y-habra-balotaje-con-tuta-quiroga\/#primaryimage",
                    "url": "https:\/\/worldwide-elections.org\/wp-content\/uploads\/2025\/08\/IMG_2354.webp",
                    "contentUrl": "https:\/\/worldwide-elections.org\/wp-content\/uploads\/2025\/08\/IMG_2354.webp",
                    "width": 1200,
                    "height": 740
                },
                {
                    "@type": "BreadcrumbList",
                    "@id": "https:\/\/worldwide-elections.org\/derrota-historica-del-mas-en-bolivia-gano-paz-pereira-y-habra-balotaje-con-tuta-quiroga\/#breadcrumb",
                    "itemListElement": [
                        {
                            "@type": "ListItem",
                            "position": 1,
                            "name": "Home",
                            "item": "https:\/\/worldwide-elections.org\/en\/"
                        },
                        {
                            "@type": "ListItem",
                            "position": 2,
                            "name": "Derrota hist\u00f3rica del MAS en Bolivia: Gan\u00f3 Paz Pereira y habr\u00e1 balotaje con \u00abTuto\u00bb Quiroga"
                        }
                    ]
                },
                {
                    "@type": "WebSite",
                    "@id": "https:\/\/worldwide-elections.org\/en\/#website",
                    "url": "https:\/\/worldwide-elections.org\/en\/",
                    "name": "Worldwide Elections",
                    "description": "Monitoring elections, strengthening democracies.",
                    "potentialAction": [
                        {
                            "@type": "SearchAction",
                            "target": {
                                "@type": "EntryPoint",
                                "urlTemplate": "https:\/\/worldwide-elections.org\/en\/?s={search_term_string}"
                            },
                            "query-input": {
                                "@type": "PropertyValueSpecification",
                                "valueRequired": true,
                                "valueName": "search_term_string"
                            }
                        }
                    ],
                    "inLanguage": "pt-BR"
                },
                {
                    "@type": "Person",
                    "@id": "https:\/\/worldwide-elections.org\/en\/#\/schema\/person\/9195e674ff89d44189204582de0a828a",
                    "name": "Mel Garcia",
                    "image": {
                        "@type": "ImageObject",
                        "inLanguage": "pt-BR",
                        "@id": "https:\/\/secure.gravatar.com\/avatar\/1f56a3c522d64eb0838e4985838965893f394cdec81937ccf14d2fe134083585?s=96&d=mm&r=g",
                        "url": "https:\/\/secure.gravatar.com\/avatar\/1f56a3c522d64eb0838e4985838965893f394cdec81937ccf14d2fe134083585?s=96&d=mm&r=g",
                        "contentUrl": "https:\/\/secure.gravatar.com\/avatar\/1f56a3c522d64eb0838e4985838965893f394cdec81937ccf14d2fe134083585?s=96&d=mm&r=g",
                        "caption": "Mel Garcia"
                    },
                    "url": "https:\/\/worldwide-elections.org\/br\/author\/melgarciawwe\/"
                }
            ]
        }
    },
    "_links": {
        "self": [
            {
                "href": "https:\/\/worldwide-elections.org\/br\/wp-json\/wp\/v2\/posts\/454",
                "targetHints": {
                    "allow": [
                        "GET"
                    ]
                }
            }
        ],
        "collection": [
            {
                "href": "https:\/\/worldwide-elections.org\/br\/wp-json\/wp\/v2\/posts"
            }
        ],
        "about": [
            {
                "href": "https:\/\/worldwide-elections.org\/br\/wp-json\/wp\/v2\/types\/post"
            }
        ],
        "author": [
            {
                "embeddable": true,
                "href": "https:\/\/worldwide-elections.org\/br\/wp-json\/wp\/v2\/users\/2"
            }
        ],
        "replies": [
            {
                "embeddable": true,
                "href": "https:\/\/worldwide-elections.org\/br\/wp-json\/wp\/v2\/comments?post=454"
            }
        ],
        "version-history": [
            {
                "count": 2,
                "href": "https:\/\/worldwide-elections.org\/br\/wp-json\/wp\/v2\/posts\/454\/revisions"
            }
        ],
        "predecessor-version": [
            {
                "id": 457,
                "href": "https:\/\/worldwide-elections.org\/br\/wp-json\/wp\/v2\/posts\/454\/revisions\/457"
            }
        ],
        "wp:featuredmedia": [
            {
                "embeddable": true,
                "href": "https:\/\/worldwide-elections.org\/br\/wp-json\/wp\/v2\/media\/455"
            }
        ],
        "wp:attachment": [
            {
                "href": "https:\/\/worldwide-elections.org\/br\/wp-json\/wp\/v2\/media?parent=454"
            }
        ],
        "wp:term": [
            {
                "taxonomy": "category",
                "embeddable": true,
                "href": "https:\/\/worldwide-elections.org\/br\/wp-json\/wp\/v2\/categories?post=454"
            },
            {
                "taxonomy": "post_tag",
                "embeddable": true,
                "href": "https:\/\/worldwide-elections.org\/br\/wp-json\/wp\/v2\/tags?post=454"
            }
        ],
        "curies": [
            {
                "name": "wp",
                "href": "https:\/\/api.w.org\/{rel}",
                "templated": true
            }
        ]
    }
}